{"id":1452,"date":"2023-12-18T16:09:31","date_gmt":"2023-12-18T16:09:31","guid":{"rendered":"https:\/\/cubaprimero.org\/?p=1452"},"modified":"2024-01-08T15:34:00","modified_gmt":"2024-01-08T15:34:00","slug":"plataforma-cuba-primero","status":"publish","type":"post","link":"https:\/\/cubaprimero.org\/es\/plataforma-cuba-primero\/","title":{"rendered":"Plataforma: Cuba Primero"},"content":{"rendered":"\n<p>\u201cCUBA es la madre de todos y nosotros sus hijos, precisamente por ella, debemos de andar unidos\u201d<\/p>\n\n\n\n<h5 class=\"wp-block-heading\">Fundamentos:<\/h5>\n\n\n\n<p>La Plataforma&nbsp;<strong>CUBA PRIMERO<\/strong>&nbsp;es un proyecto de trabajo colaborativo entre grupos opositores, dentro y fuera de Cuba. Fomenta la generalizaci\u00f3n de la lucha democr\u00e1tica, incentivando las acciones individuales y grupales no violentas movidas por la conciencia pol\u00edtica.&nbsp;<strong>CUBA PRIMERO<\/strong>&nbsp;defiende los ideales pol\u00edticos liberales de Jos\u00e9 Mart\u00ed, as\u00ed como el pensamiento humanista de los verdaderos h\u00e9roes cubanos. Los principios que defiende son la igualdad de derechos de todos los ciudadanos cubanos, el respeto al pensamiento individual, la libertad de expresi\u00f3n, la libertad de asociaci\u00f3n, el fomento y crecimiento de la gesti\u00f3n privada y la defensa de la seguridad jur\u00eddica para el emprendimiento. Incluye en su programa la restauraci\u00f3n plena de la ciudadan\u00eda y sus derechos a los cubanos residentes en el exterior.<br><br><strong>CUBA PRIMERO<\/strong>&nbsp;busca afianzar la relaci\u00f3n entre los grupos opositores, proyectos y desarrollo de acciones contra el r\u00e9gimen para extender los programas e ideales democr\u00e1ticos de la nueva Cuba. No se pondr\u00e1n condicionantes ideol\u00f3gicas, puesto que la diversidad de pensamiento es principio base de la democracia, el respeto al criterio individual y grupal.<br><br>\u00a1Hay que poner a&nbsp;<strong>CUBA PRIMERO!<\/strong>&nbsp;Como dijera la periodista independiente cubana Camila Acosta:&nbsp;<strong>\u201cSi en algo coincides con la Dictadura tienes que analizarte\u201d<\/strong><\/p>\n","protected":false},"excerpt":{"rendered":"<p>Cuba Primero: Uniendo a opositores dentro y fuera de Cuba por la democracia. Defendemos igualdad de derechos, libertad de expresi\u00f3n y seguridad jur\u00eddica. \u00danete a nosotros por un futuro democr\u00e1tico en Cuba. #CubaPrimero<\/p>\n","protected":false},"author":1,"featured_media":1385,"comment_status":"open","ping_status":"open","sticky":false,"template":"","format":"standard","meta":{"_acf_changed":false,"_coblocks_attr":"","_coblocks_dimensions":"","_coblocks_responsive_height":"","_coblocks_accordion_ie_support":"","_uag_custom_page_level_css":"","site-sidebar-layout":"default","site-content-layout":"","ast-site-content-layout":"default","site-content-style":"default","site-sidebar-style":"default","ast-global-header-display":"","ast-banner-title-visibility":"","ast-main-header-display":"","ast-hfb-above-header-display":"","ast-hfb-below-header-display":"","ast-hfb-mobile-header-display":"","site-post-title":"","ast-breadcrumbs-content":"","ast-featured-img":"","footer-sml-layout":"","ast-disable-related-posts":"","theme-transparent-header-meta":"","adv-header-id-meta":"","stick-header-meta":"","header-above-stick-meta":"","header-main-stick-meta":"","header-below-stick-meta":"","astra-migrate-meta-layouts":"set","ast-page-background-enabled":"default","ast-page-background-meta":{"desktop":{"background-color":"","background-image":"","background-repeat":"repeat","background-position":"center center","background-size":"auto","background-attachment":"scroll","background-type":"","background-media":"","overlay-type":"","overlay-color":"","overlay-opacity":"","overlay-gradient":""},"tablet":{"background-color":"","background-image":"","background-repeat":"repeat","background-position":"center center","background-size":"auto","background-attachment":"scroll","background-type":"","background-media":"","overlay-type":"","overlay-color":"","overlay-opacity":"","overlay-gradient":""},"mobile":{"background-color":"","background-image":"","background-repeat":"repeat","background-position":"center center","background-size":"auto","background-attachment":"scroll","background-type":"","background-media":"","overlay-type":"","overlay-color":"","overlay-opacity":"","overlay-gradient":""}},"ast-content-background-meta":{"desktop":{"background-color":"var(--ast-global-color-5)","background-image":"","background-repeat":"repeat","background-position":"center center","background-size":"auto","background-attachment":"scroll","background-type":"","background-media":"","overlay-type":"","overlay-color":"","overlay-opacity":"","overlay-gradient":""},"tablet":{"background-color":"var(--ast-global-color-5)","background-image":"","background-repeat":"repeat","background-position":"center center","background-size":"auto","background-attachment":"scroll","background-type":"","background-media":"","overlay-type":"","overlay-color":"","overlay-opacity":"","overlay-gradient":""},"mobile":{"background-color":"var(--ast-global-color-5)","background-image":"","background-repeat":"repeat","background-position":"center center","background-size":"auto","background-attachment":"scroll","background-type":"","background-media":"","overlay-type":"","overlay-color":"","overlay-opacity":"","overlay-gradient":""}},"footnotes":""},"categories":[1,13],"tags":[],"class_list":["post-1452","post","type-post","status-publish","format-standard","has-post-thumbnail","hentry","category-cuba","category-libertad"],"acf":[],"yoast_head":"<!-- This site is optimized with the Yoast SEO plugin v27.5 - https:\/\/yoast.com\/product\/yoast-seo-wordpress\/ -->\n<title>Plataforma: Cuba Primero - Cuba Primero<\/title>\n<meta name=\"robots\" content=\"index, follow, max-snippet:-1, max-image-preview:large, max-video-preview:-1\" \/>\n<link rel=\"canonical\" href=\"https:\/\/cubaprimero.org\/es\/plataforma-cuba-primero\/\" \/>\n<meta property=\"og:locale\" content=\"es_ES\" \/>\n<meta property=\"og:type\" content=\"article\" \/>\n<meta property=\"og:title\" content=\"Plataforma: Cuba Primero - Cuba Primero\" \/>\n<meta property=\"og:description\" content=\"Cuba Primero: Uniendo a opositores dentro y fuera de Cuba por la democracia. Defendemos igualdad de derechos, libertad de expresi\u00f3n y seguridad jur\u00eddica. \u00danete a nosotros por un futuro democr\u00e1tico en Cuba. #CubaPrimero\" \/>\n<meta property=\"og:url\" content=\"https:\/\/cubaprimero.org\/es\/plataforma-cuba-primero\/\" \/>\n<meta property=\"og:site_name\" content=\"Cuba Primero\" \/>\n<meta property=\"article:published_time\" content=\"2023-12-18T16:09:31+00:00\" \/>\n<meta property=\"article:modified_time\" content=\"2024-01-08T15:34:00+00:00\" \/>\n<meta property=\"og:image\" content=\"https:\/\/cubaprimero.org\/wp-content\/uploads\/2023\/12\/cuba-2-rt-er-210714_1626291055270_hpMain_16x9_992.jpg\" \/>\n\t<meta property=\"og:image:width\" content=\"992\" \/>\n\t<meta property=\"og:image:height\" content=\"558\" \/>\n\t<meta property=\"og:image:type\" content=\"image\/jpeg\" \/>\n<meta name=\"author\" content=\"cubafirst\" \/>\n<meta name=\"twitter:card\" content=\"summary_large_image\" \/>\n<meta name=\"twitter:label1\" content=\"Escrito por\" \/>\n\t<meta name=\"twitter:data1\" content=\"cubafirst\" \/>\n\t<meta name=\"twitter:label2\" content=\"Tiempo de lectura\" \/>\n\t<meta name=\"twitter:data2\" content=\"1 minuto\" \/>\n<script type=\"application\/ld+json\" class=\"yoast-schema-graph\">{\"@context\":\"https:\\\/\\\/schema.org\",\"@graph\":[{\"@type\":\"Article\",\"@id\":\"https:\\\/\\\/cubaprimero.org\\\/plataforma-cuba-primero\\\/#article\",\"isPartOf\":{\"@id\":\"https:\\\/\\\/cubaprimero.org\\\/plataforma-cuba-primero\\\/\"},\"author\":{\"name\":\"cubafirst\",\"@id\":\"https:\\\/\\\/cubaprimero.org\\\/es\\\/#\\\/schema\\\/person\\\/673cbcc39fdc7350b9583e51a3ec4635\"},\"headline\":\"Plataforma: Cuba Primero\",\"datePublished\":\"2023-12-18T16:09:31+00:00\",\"dateModified\":\"2024-01-08T15:34:00+00:00\",\"mainEntityOfPage\":{\"@id\":\"https:\\\/\\\/cubaprimero.org\\\/plataforma-cuba-primero\\\/\"},\"wordCount\":245,\"commentCount\":0,\"publisher\":{\"@id\":\"https:\\\/\\\/cubaprimero.org\\\/es\\\/#organization\"},\"image\":{\"@id\":\"https:\\\/\\\/cubaprimero.org\\\/plataforma-cuba-primero\\\/#primaryimage\"},\"thumbnailUrl\":\"https:\\\/\\\/cubaprimero.org\\\/wp-content\\\/uploads\\\/2023\\\/12\\\/cuba-2-rt-er-210714_1626291055270_hpMain_16x9_992.jpg\",\"articleSection\":[\"Cuba\",\"Libertad\"],\"inLanguage\":\"es\",\"potentialAction\":[{\"@type\":\"CommentAction\",\"name\":\"Comment\",\"target\":[\"https:\\\/\\\/cubaprimero.org\\\/plataforma-cuba-primero\\\/#respond\"]}]},{\"@type\":\"WebPage\",\"@id\":\"https:\\\/\\\/cubaprimero.org\\\/plataforma-cuba-primero\\\/\",\"url\":\"https:\\\/\\\/cubaprimero.org\\\/plataforma-cuba-primero\\\/\",\"name\":\"Plataforma: Cuba Primero - Cuba Primero\",\"isPartOf\":{\"@id\":\"https:\\\/\\\/cubaprimero.org\\\/es\\\/#website\"},\"primaryImageOfPage\":{\"@id\":\"https:\\\/\\\/cubaprimero.org\\\/plataforma-cuba-primero\\\/#primaryimage\"},\"image\":{\"@id\":\"https:\\\/\\\/cubaprimero.org\\\/plataforma-cuba-primero\\\/#primaryimage\"},\"thumbnailUrl\":\"https:\\\/\\\/cubaprimero.org\\\/wp-content\\\/uploads\\\/2023\\\/12\\\/cuba-2-rt-er-210714_1626291055270_hpMain_16x9_992.jpg\",\"datePublished\":\"2023-12-18T16:09:31+00:00\",\"dateModified\":\"2024-01-08T15:34:00+00:00\",\"breadcrumb\":{\"@id\":\"https:\\\/\\\/cubaprimero.org\\\/plataforma-cuba-primero\\\/#breadcrumb\"},\"inLanguage\":\"es\",\"potentialAction\":[{\"@type\":\"ReadAction\",\"target\":[\"https:\\\/\\\/cubaprimero.org\\\/plataforma-cuba-primero\\\/\"]}]},{\"@type\":\"ImageObject\",\"inLanguage\":\"es\",\"@id\":\"https:\\\/\\\/cubaprimero.org\\\/plataforma-cuba-primero\\\/#primaryimage\",\"url\":\"https:\\\/\\\/cubaprimero.org\\\/wp-content\\\/uploads\\\/2023\\\/12\\\/cuba-2-rt-er-210714_1626291055270_hpMain_16x9_992.jpg\",\"contentUrl\":\"https:\\\/\\\/cubaprimero.org\\\/wp-content\\\/uploads\\\/2023\\\/12\\\/cuba-2-rt-er-210714_1626291055270_hpMain_16x9_992.jpg\",\"width\":992,\"height\":558},{\"@type\":\"BreadcrumbList\",\"@id\":\"https:\\\/\\\/cubaprimero.org\\\/plataforma-cuba-primero\\\/#breadcrumb\",\"itemListElement\":[{\"@type\":\"ListItem\",\"position\":1,\"name\":\"Home\",\"item\":\"https:\\\/\\\/cubaprimero.org\\\/\"},{\"@type\":\"ListItem\",\"position\":2,\"name\":\"Plataforma: Cuba Primero\"}]},{\"@type\":\"WebSite\",\"@id\":\"https:\\\/\\\/cubaprimero.org\\\/es\\\/#website\",\"url\":\"https:\\\/\\\/cubaprimero.org\\\/es\\\/\",\"name\":\"Cuba Primero\",\"description\":\"\",\"publisher\":{\"@id\":\"https:\\\/\\\/cubaprimero.org\\\/es\\\/#organization\"},\"potentialAction\":[{\"@type\":\"SearchAction\",\"target\":{\"@type\":\"EntryPoint\",\"urlTemplate\":\"https:\\\/\\\/cubaprimero.org\\\/es\\\/?s={search_term_string}\"},\"query-input\":{\"@type\":\"PropertyValueSpecification\",\"valueRequired\":true,\"valueName\":\"search_term_string\"}}],\"inLanguage\":\"es\"},{\"@type\":\"Organization\",\"@id\":\"https:\\\/\\\/cubaprimero.org\\\/es\\\/#organization\",\"name\":\"Cuba Primero\",\"url\":\"https:\\\/\\\/cubaprimero.org\\\/es\\\/\",\"logo\":{\"@type\":\"ImageObject\",\"inLanguage\":\"es\",\"@id\":\"https:\\\/\\\/cubaprimero.org\\\/es\\\/#\\\/schema\\\/logo\\\/image\\\/\",\"url\":\"https:\\\/\\\/cubaprimero.org\\\/wp-content\\\/uploads\\\/2026\\\/04\\\/cropped-Estrella-BlancaCuba-primero-transparente-2-1-scaled-2.png\",\"contentUrl\":\"https:\\\/\\\/cubaprimero.org\\\/wp-content\\\/uploads\\\/2026\\\/04\\\/cropped-Estrella-BlancaCuba-primero-transparente-2-1-scaled-2.png\",\"width\":2560,\"height\":852,\"caption\":\"Cuba Primero\"},\"image\":{\"@id\":\"https:\\\/\\\/cubaprimero.org\\\/es\\\/#\\\/schema\\\/logo\\\/image\\\/\"}},{\"@type\":\"Person\",\"@id\":\"https:\\\/\\\/cubaprimero.org\\\/es\\\/#\\\/schema\\\/person\\\/673cbcc39fdc7350b9583e51a3ec4635\",\"name\":\"cubafirst\",\"image\":{\"@type\":\"ImageObject\",\"inLanguage\":\"es\",\"@id\":\"https:\\\/\\\/secure.gravatar.com\\\/avatar\\\/bb308153c6843b99590e0e8646a0bf8277016b324738fc43a0063ebe5d3b9085?s=96&d=mm&r=g\",\"url\":\"https:\\\/\\\/secure.gravatar.com\\\/avatar\\\/bb308153c6843b99590e0e8646a0bf8277016b324738fc43a0063ebe5d3b9085?s=96&d=mm&r=g\",\"contentUrl\":\"https:\\\/\\\/secure.gravatar.com\\\/avatar\\\/bb308153c6843b99590e0e8646a0bf8277016b324738fc43a0063ebe5d3b9085?s=96&d=mm&r=g\",\"caption\":\"cubafirst\"},\"sameAs\":[\"https:\\\/\\\/cubaprimero.org\"],\"url\":\"https:\\\/\\\/cubaprimero.org\\\/es\\\/author\\\/cubafirst\\\/\"}]}<\/script>\n<!-- \/ Yoast SEO plugin. -->","yoast_head_json":{"title":"Plataforma: Cuba Primero - Cuba Primero","robots":{"index":"index","follow":"follow","max-snippet":"max-snippet:-1","max-image-preview":"max-image-preview:large","max-video-preview":"max-video-preview:-1"},"canonical":"https:\/\/cubaprimero.org\/es\/plataforma-cuba-primero\/","og_locale":"es_ES","og_type":"article","og_title":"Plataforma: Cuba Primero - Cuba Primero","og_description":"Cuba Primero: Uniendo a opositores dentro y fuera de Cuba por la democracia. Defendemos igualdad de derechos, libertad de expresi\u00f3n y seguridad jur\u00eddica. \u00danete a nosotros por un futuro democr\u00e1tico en Cuba. #CubaPrimero","og_url":"https:\/\/cubaprimero.org\/es\/plataforma-cuba-primero\/","og_site_name":"Cuba Primero","article_published_time":"2023-12-18T16:09:31+00:00","article_modified_time":"2024-01-08T15:34:00+00:00","og_image":[{"width":992,"height":558,"url":"https:\/\/cubaprimero.org\/wp-content\/uploads\/2023\/12\/cuba-2-rt-er-210714_1626291055270_hpMain_16x9_992.jpg","type":"image\/jpeg"}],"author":"cubafirst","twitter_card":"summary_large_image","twitter_misc":{"Escrito por":"cubafirst","Tiempo de lectura":"1 minuto"},"schema":{"@context":"https:\/\/schema.org","@graph":[{"@type":"Article","@id":"https:\/\/cubaprimero.org\/plataforma-cuba-primero\/#article","isPartOf":{"@id":"https:\/\/cubaprimero.org\/plataforma-cuba-primero\/"},"author":{"name":"cubafirst","@id":"https:\/\/cubaprimero.org\/es\/#\/schema\/person\/673cbcc39fdc7350b9583e51a3ec4635"},"headline":"Plataforma: Cuba Primero","datePublished":"2023-12-18T16:09:31+00:00","dateModified":"2024-01-08T15:34:00+00:00","mainEntityOfPage":{"@id":"https:\/\/cubaprimero.org\/plataforma-cuba-primero\/"},"wordCount":245,"commentCount":0,"publisher":{"@id":"https:\/\/cubaprimero.org\/es\/#organization"},"image":{"@id":"https:\/\/cubaprimero.org\/plataforma-cuba-primero\/#primaryimage"},"thumbnailUrl":"https:\/\/cubaprimero.org\/wp-content\/uploads\/2023\/12\/cuba-2-rt-er-210714_1626291055270_hpMain_16x9_992.jpg","articleSection":["Cuba","Libertad"],"inLanguage":"es","potentialAction":[{"@type":"CommentAction","name":"Comment","target":["https:\/\/cubaprimero.org\/plataforma-cuba-primero\/#respond"]}]},{"@type":"WebPage","@id":"https:\/\/cubaprimero.org\/plataforma-cuba-primero\/","url":"https:\/\/cubaprimero.org\/plataforma-cuba-primero\/","name":"Plataforma: Cuba Primero - Cuba Primero","isPartOf":{"@id":"https:\/\/cubaprimero.org\/es\/#website"},"primaryImageOfPage":{"@id":"https:\/\/cubaprimero.org\/plataforma-cuba-primero\/#primaryimage"},"image":{"@id":"https:\/\/cubaprimero.org\/plataforma-cuba-primero\/#primaryimage"},"thumbnailUrl":"https:\/\/cubaprimero.org\/wp-content\/uploads\/2023\/12\/cuba-2-rt-er-210714_1626291055270_hpMain_16x9_992.jpg","datePublished":"2023-12-18T16:09:31+00:00","dateModified":"2024-01-08T15:34:00+00:00","breadcrumb":{"@id":"https:\/\/cubaprimero.org\/plataforma-cuba-primero\/#breadcrumb"},"inLanguage":"es","potentialAction":[{"@type":"ReadAction","target":["https:\/\/cubaprimero.org\/plataforma-cuba-primero\/"]}]},{"@type":"ImageObject","inLanguage":"es","@id":"https:\/\/cubaprimero.org\/plataforma-cuba-primero\/#primaryimage","url":"https:\/\/cubaprimero.org\/wp-content\/uploads\/2023\/12\/cuba-2-rt-er-210714_1626291055270_hpMain_16x9_992.jpg","contentUrl":"https:\/\/cubaprimero.org\/wp-content\/uploads\/2023\/12\/cuba-2-rt-er-210714_1626291055270_hpMain_16x9_992.jpg","width":992,"height":558},{"@type":"BreadcrumbList","@id":"https:\/\/cubaprimero.org\/plataforma-cuba-primero\/#breadcrumb","itemListElement":[{"@type":"ListItem","position":1,"name":"Home","item":"https:\/\/cubaprimero.org\/"},{"@type":"ListItem","position":2,"name":"Plataforma: Cuba Primero"}]},{"@type":"WebSite","@id":"https:\/\/cubaprimero.org\/es\/#website","url":"https:\/\/cubaprimero.org\/es\/","name":"Cuba Primero","description":"","publisher":{"@id":"https:\/\/cubaprimero.org\/es\/#organization"},"potentialAction":[{"@type":"SearchAction","target":{"@type":"EntryPoint","urlTemplate":"https:\/\/cubaprimero.org\/es\/?s={search_term_string}"},"query-input":{"@type":"PropertyValueSpecification","valueRequired":true,"valueName":"search_term_string"}}],"inLanguage":"es"},{"@type":"Organization","@id":"https:\/\/cubaprimero.org\/es\/#organization","name":"Cuba Primero","url":"https:\/\/cubaprimero.org\/es\/","logo":{"@type":"ImageObject","inLanguage":"es","@id":"https:\/\/cubaprimero.org\/es\/#\/schema\/logo\/image\/","url":"https:\/\/cubaprimero.org\/wp-content\/uploads\/2026\/04\/cropped-Estrella-BlancaCuba-primero-transparente-2-1-scaled-2.png","contentUrl":"https:\/\/cubaprimero.org\/wp-content\/uploads\/2026\/04\/cropped-Estrella-BlancaCuba-primero-transparente-2-1-scaled-2.png","width":2560,"height":852,"caption":"Cuba Primero"},"image":{"@id":"https:\/\/cubaprimero.org\/es\/#\/schema\/logo\/image\/"}},{"@type":"Person","@id":"https:\/\/cubaprimero.org\/es\/#\/schema\/person\/673cbcc39fdc7350b9583e51a3ec4635","name":"cubafirst","image":{"@type":"ImageObject","inLanguage":"es","@id":"https:\/\/secure.gravatar.com\/avatar\/bb308153c6843b99590e0e8646a0bf8277016b324738fc43a0063ebe5d3b9085?s=96&d=mm&r=g","url":"https:\/\/secure.gravatar.com\/avatar\/bb308153c6843b99590e0e8646a0bf8277016b324738fc43a0063ebe5d3b9085?s=96&d=mm&r=g","contentUrl":"https:\/\/secure.gravatar.com\/avatar\/bb308153c6843b99590e0e8646a0bf8277016b324738fc43a0063ebe5d3b9085?s=96&d=mm&r=g","caption":"cubafirst"},"sameAs":["https:\/\/cubaprimero.org"],"url":"https:\/\/cubaprimero.org\/es\/author\/cubafirst\/"}]}},"uagb_featured_image_src":{"full":["https:\/\/cubaprimero.org\/wp-content\/uploads\/2023\/12\/cuba-2-rt-er-210714_1626291055270_hpMain_16x9_992.jpg",992,558,false],"thumbnail":["https:\/\/cubaprimero.org\/wp-content\/uploads\/2023\/12\/cuba-2-rt-er-210714_1626291055270_hpMain_16x9_992-150x150.jpg",150,150,true],"medium":["https:\/\/cubaprimero.org\/wp-content\/uploads\/2023\/12\/cuba-2-rt-er-210714_1626291055270_hpMain_16x9_992-300x169.jpg",300,169,true],"medium_large":["https:\/\/cubaprimero.org\/wp-content\/uploads\/2023\/12\/cuba-2-rt-er-210714_1626291055270_hpMain_16x9_992-768x432.jpg",768,432,true],"large":["https:\/\/cubaprimero.org\/wp-content\/uploads\/2023\/12\/cuba-2-rt-er-210714_1626291055270_hpMain_16x9_992.jpg",992,558,false],"1536x1536":["https:\/\/cubaprimero.org\/wp-content\/uploads\/2023\/12\/cuba-2-rt-er-210714_1626291055270_hpMain_16x9_992.jpg",992,558,false],"2048x2048":["https:\/\/cubaprimero.org\/wp-content\/uploads\/2023\/12\/cuba-2-rt-er-210714_1626291055270_hpMain_16x9_992.jpg",992,558,false],"trp-custom-language-flag":["https:\/\/cubaprimero.org\/wp-content\/uploads\/2023\/12\/cuba-2-rt-er-210714_1626291055270_hpMain_16x9_992.jpg",18,10,false]},"uagb_author_info":{"display_name":"cubafirst","author_link":"https:\/\/cubaprimero.org\/es\/author\/cubafirst\/"},"uagb_comment_info":0,"uagb_excerpt":"Cuba Primero: Uniendo a opositores dentro y fuera de Cuba por la democracia. Defendemos igualdad de derechos, libertad de expresi\u00f3n y seguridad jur\u00eddica. \u00danete a nosotros por un futuro democr\u00e1tico en Cuba. #CubaPrimero","_links":{"self":[{"href":"https:\/\/cubaprimero.org\/es\/wp-json\/wp\/v2\/posts\/1452","targetHints":{"allow":["GET"]}}],"collection":[{"href":"https:\/\/cubaprimero.org\/es\/wp-json\/wp\/v2\/posts"}],"about":[{"href":"https:\/\/cubaprimero.org\/es\/wp-json\/wp\/v2\/types\/post"}],"author":[{"embeddable":true,"href":"https:\/\/cubaprimero.org\/es\/wp-json\/wp\/v2\/users\/1"}],"replies":[{"embeddable":true,"href":"https:\/\/cubaprimero.org\/es\/wp-json\/wp\/v2\/comments?post=1452"}],"version-history":[{"count":3,"href":"https:\/\/cubaprimero.org\/es\/wp-json\/wp\/v2\/posts\/1452\/revisions"}],"predecessor-version":[{"id":2273,"href":"https:\/\/cubaprimero.org\/es\/wp-json\/wp\/v2\/posts\/1452\/revisions\/2273"}],"wp:featuredmedia":[{"embeddable":true,"href":"https:\/\/cubaprimero.org\/es\/wp-json\/wp\/v2\/media\/1385"}],"wp:attachment":[{"href":"https:\/\/cubaprimero.org\/es\/wp-json\/wp\/v2\/media?parent=1452"}],"wp:term":[{"taxonomy":"category","embeddable":true,"href":"https:\/\/cubaprimero.org\/es\/wp-json\/wp\/v2\/categories?post=1452"},{"taxonomy":"post_tag","embeddable":true,"href":"https:\/\/cubaprimero.org\/es\/wp-json\/wp\/v2\/tags?post=1452"}],"curies":[{"name":"wp","href":"https:\/\/api.w.org\/{rel}","templated":true}]}}