{"id":1445,"date":"2023-12-13T19:59:57","date_gmt":"2023-12-13T19:59:57","guid":{"rendered":"https:\/\/cubaprimero.org\/?p=1445"},"modified":"2024-01-08T15:35:17","modified_gmt":"2024-01-08T15:35:17","slug":"dictatorship-political-prisoners","status":"publish","type":"post","link":"https:\/\/cubaprimero.org\/en\/dictatorship-political-prisoners\/","title":{"rendered":"The Dictatorship: Political Prisoners"},"content":{"rendered":"<p>In Cuba there has been a worrying increase in the number of political prisoners who have been imprisoned for simply expressing their opposition to the Communist Party regime. Among the many political prisoners are some of the most prominent leaders who expressed their opposition to the Cuban government. The list includes Jose Daniel Ferrer, a prominent political activist who is the leader of the opposition organization, Uni\u00f3n Patri\u00f3tica de Cuba (UNPACU); Luis Manuel Otero Alc\u00e1ntara, an artist and activist who has been an active participant in the San Isidro Movement; Maykel P\u00e9rez Castillo, an independent journalist; and F\u00e9lix Navarro, a pacifist activist.<\/p>\n\n\n\n<p>These political prisoners are kept in appalling conditions and have even been subjected to torture and other forms of mistreatment while incarcerated. Multiple international organizations such as Amnesty International and Human Rights Watch have raised repeated concerns about these cases and have called on the Cuban government to release the political prisoners immediately.<\/p>\n\n\n\n<p>Although opinions on the cause and possible solutions for the situation of political prisoners may differ among the masses, it is irrefutable that the behavior of the Cuban government towards political dissidents constitutes a flagrant violation of human rights, as well as an obstacle to the freedom of expression and association in the country.<\/p>","protected":false},"excerpt":{"rendered":"<p> We join forces against the increase of political prisoners in Cuba! We demand the immediate release of leaders such as Jose Daniel Ferrer, Luis Manuel Otero Alc\u00e1ntara, Maykel P\u00e9rez Castillo, and F\u00e9lix Navarro. Inhumane conditions and torture are unacceptable. Join our fight for human rights in Cuba.<\/p>","protected":false},"author":1,"featured_media":1288,"comment_status":"open","ping_status":"open","sticky":false,"template":"","format":"standard","meta":{"_acf_changed":false,"_coblocks_attr":"","_coblocks_dimensions":"","_coblocks_responsive_height":"","_coblocks_accordion_ie_support":"","_uag_custom_page_level_css":"","site-sidebar-layout":"default","site-content-layout":"","ast-site-content-layout":"default","site-content-style":"default","site-sidebar-style":"default","ast-global-header-display":"","ast-banner-title-visibility":"","ast-main-header-display":"","ast-hfb-above-header-display":"","ast-hfb-below-header-display":"","ast-hfb-mobile-header-display":"","site-post-title":"","ast-breadcrumbs-content":"","ast-featured-img":"","footer-sml-layout":"","ast-disable-related-posts":"","theme-transparent-header-meta":"","adv-header-id-meta":"","stick-header-meta":"","header-above-stick-meta":"","header-main-stick-meta":"","header-below-stick-meta":"","astra-migrate-meta-layouts":"set","ast-page-background-enabled":"default","ast-page-background-meta":{"desktop":{"background-color":"","background-image":"","background-repeat":"repeat","background-position":"center center","background-size":"auto","background-attachment":"scroll","background-type":"","background-media":"","overlay-type":"","overlay-color":"","overlay-opacity":"","overlay-gradient":""},"tablet":{"background-color":"","background-image":"","background-repeat":"repeat","background-position":"center center","background-size":"auto","background-attachment":"scroll","background-type":"","background-media":"","overlay-type":"","overlay-color":"","overlay-opacity":"","overlay-gradient":""},"mobile":{"background-color":"","background-image":"","background-repeat":"repeat","background-position":"center center","background-size":"auto","background-attachment":"scroll","background-type":"","background-media":"","overlay-type":"","overlay-color":"","overlay-opacity":"","overlay-gradient":""}},"ast-content-background-meta":{"desktop":{"background-color":"var(--ast-global-color-5)","background-image":"","background-repeat":"repeat","background-position":"center center","background-size":"auto","background-attachment":"scroll","background-type":"","background-media":"","overlay-type":"","overlay-color":"","overlay-opacity":"","overlay-gradient":""},"tablet":{"background-color":"var(--ast-global-color-5)","background-image":"","background-repeat":"repeat","background-position":"center center","background-size":"auto","background-attachment":"scroll","background-type":"","background-media":"","overlay-type":"","overlay-color":"","overlay-opacity":"","overlay-gradient":""},"mobile":{"background-color":"var(--ast-global-color-5)","background-image":"","background-repeat":"repeat","background-position":"center center","background-size":"auto","background-attachment":"scroll","background-type":"","background-media":"","overlay-type":"","overlay-color":"","overlay-opacity":"","overlay-gradient":""}},"footnotes":""},"categories":[1],"tags":[],"class_list":["post-1445","post","type-post","status-publish","format-standard","has-post-thumbnail","hentry","category-cuba"],"acf":[],"yoast_head":"<!-- This site is optimized with the Yoast SEO plugin v27.5 - https:\/\/yoast.com\/product\/yoast-seo-wordpress\/ -->\n<title>La Dictadura: Presos Politicos - Cuba Primero<\/title>\n<meta name=\"robots\" content=\"index, follow, max-snippet:-1, max-image-preview:large, max-video-preview:-1\" \/>\n<link rel=\"canonical\" href=\"https:\/\/cubaprimero.org\/en\/dictatorship-political-prisoners\/\" \/>\n<meta property=\"og:locale\" content=\"en_US\" \/>\n<meta property=\"og:type\" content=\"article\" \/>\n<meta property=\"og:title\" content=\"La Dictadura: Presos Politicos - Cuba Primero\" \/>\n<meta property=\"og:description\" content=\"\u00a1Unimos fuerzas contra el aumento de presos pol\u00edticos en Cuba! Exigimos la liberaci\u00f3n inmediata de l\u00edderes como Jose Daniel Ferrer, Luis Manuel Otero Alc\u00e1ntara, Maykel P\u00e9rez Castillo y F\u00e9lix Navarro. Condiciones inhumanas y torturas son inaceptables. \u00danete a nuestra lucha por los derechos humanos en Cuba.\" \/>\n<meta property=\"og:url\" content=\"https:\/\/cubaprimero.org\/en\/dictatorship-political-prisoners\/\" \/>\n<meta property=\"og:site_name\" content=\"Cuba Primero\" \/>\n<meta property=\"article:published_time\" content=\"2023-12-13T19:59:57+00:00\" \/>\n<meta property=\"article:modified_time\" content=\"2024-01-08T15:35:17+00:00\" \/>\n<meta property=\"og:image\" content=\"https:\/\/cubaprimero.org\/wp-content\/uploads\/2023\/12\/200228-jose-daniel-ferrer-al-1351-1024x669.jpg\" \/>\n\t<meta property=\"og:image:width\" content=\"1024\" \/>\n\t<meta property=\"og:image:height\" content=\"669\" \/>\n\t<meta property=\"og:image:type\" content=\"image\/jpeg\" \/>\n<meta name=\"author\" content=\"cubafirst\" \/>\n<meta name=\"twitter:card\" content=\"summary_large_image\" \/>\n<meta name=\"twitter:label1\" content=\"Written by\" \/>\n\t<meta name=\"twitter:data1\" content=\"cubafirst\" \/>\n\t<meta name=\"twitter:label2\" content=\"Est. reading time\" \/>\n\t<meta name=\"twitter:data2\" content=\"1 minute\" \/>\n<script type=\"application\/ld+json\" class=\"yoast-schema-graph\">{\"@context\":\"https:\\\/\\\/schema.org\",\"@graph\":[{\"@type\":\"Article\",\"@id\":\"https:\\\/\\\/cubaprimero.org\\\/la-dictadura-presos-politicos\\\/#article\",\"isPartOf\":{\"@id\":\"https:\\\/\\\/cubaprimero.org\\\/la-dictadura-presos-politicos\\\/\"},\"author\":{\"name\":\"cubafirst\",\"@id\":\"https:\\\/\\\/cubaprimero.org\\\/es\\\/#\\\/schema\\\/person\\\/673cbcc39fdc7350b9583e51a3ec4635\"},\"headline\":\"La Dictadura: Presos Politicos\",\"datePublished\":\"2023-12-13T19:59:57+00:00\",\"dateModified\":\"2024-01-08T15:35:17+00:00\",\"mainEntityOfPage\":{\"@id\":\"https:\\\/\\\/cubaprimero.org\\\/la-dictadura-presos-politicos\\\/\"},\"wordCount\":247,\"commentCount\":0,\"publisher\":{\"@id\":\"https:\\\/\\\/cubaprimero.org\\\/es\\\/#organization\"},\"image\":{\"@id\":\"https:\\\/\\\/cubaprimero.org\\\/la-dictadura-presos-politicos\\\/#primaryimage\"},\"thumbnailUrl\":\"https:\\\/\\\/cubaprimero.org\\\/wp-content\\\/uploads\\\/2023\\\/12\\\/200228-jose-daniel-ferrer-al-1351.jpg\",\"articleSection\":[\"Cuba\"],\"inLanguage\":\"en-US\",\"potentialAction\":[{\"@type\":\"CommentAction\",\"name\":\"Comment\",\"target\":[\"https:\\\/\\\/cubaprimero.org\\\/la-dictadura-presos-politicos\\\/#respond\"]}]},{\"@type\":\"WebPage\",\"@id\":\"https:\\\/\\\/cubaprimero.org\\\/la-dictadura-presos-politicos\\\/\",\"url\":\"https:\\\/\\\/cubaprimero.org\\\/la-dictadura-presos-politicos\\\/\",\"name\":\"La Dictadura: Presos Politicos - Cuba Primero\",\"isPartOf\":{\"@id\":\"https:\\\/\\\/cubaprimero.org\\\/es\\\/#website\"},\"primaryImageOfPage\":{\"@id\":\"https:\\\/\\\/cubaprimero.org\\\/la-dictadura-presos-politicos\\\/#primaryimage\"},\"image\":{\"@id\":\"https:\\\/\\\/cubaprimero.org\\\/la-dictadura-presos-politicos\\\/#primaryimage\"},\"thumbnailUrl\":\"https:\\\/\\\/cubaprimero.org\\\/wp-content\\\/uploads\\\/2023\\\/12\\\/200228-jose-daniel-ferrer-al-1351.jpg\",\"datePublished\":\"2023-12-13T19:59:57+00:00\",\"dateModified\":\"2024-01-08T15:35:17+00:00\",\"breadcrumb\":{\"@id\":\"https:\\\/\\\/cubaprimero.org\\\/la-dictadura-presos-politicos\\\/#breadcrumb\"},\"inLanguage\":\"en-US\",\"potentialAction\":[{\"@type\":\"ReadAction\",\"target\":[\"https:\\\/\\\/cubaprimero.org\\\/la-dictadura-presos-politicos\\\/\"]}]},{\"@type\":\"ImageObject\",\"inLanguage\":\"en-US\",\"@id\":\"https:\\\/\\\/cubaprimero.org\\\/la-dictadura-presos-politicos\\\/#primaryimage\",\"url\":\"https:\\\/\\\/cubaprimero.org\\\/wp-content\\\/uploads\\\/2023\\\/12\\\/200228-jose-daniel-ferrer-al-1351.jpg\",\"contentUrl\":\"https:\\\/\\\/cubaprimero.org\\\/wp-content\\\/uploads\\\/2023\\\/12\\\/200228-jose-daniel-ferrer-al-1351.jpg\",\"width\":2500,\"height\":1634,\"caption\":\"Jose Daniel Ferrer, who leads the Patriotic Union of Cuba (UNPACU), the country's largest dissident group, holds up a t-shirt with the writing \\\"God, Fatherland, Freedom\\\" in Palmarito de Cauto, Cuba, on March 25, 2012.\"},{\"@type\":\"BreadcrumbList\",\"@id\":\"https:\\\/\\\/cubaprimero.org\\\/la-dictadura-presos-politicos\\\/#breadcrumb\",\"itemListElement\":[{\"@type\":\"ListItem\",\"position\":1,\"name\":\"Home\",\"item\":\"https:\\\/\\\/cubaprimero.org\\\/\"},{\"@type\":\"ListItem\",\"position\":2,\"name\":\"La Dictadura: Presos Politicos\"}]},{\"@type\":\"WebSite\",\"@id\":\"https:\\\/\\\/cubaprimero.org\\\/es\\\/#website\",\"url\":\"https:\\\/\\\/cubaprimero.org\\\/es\\\/\",\"name\":\"Cuba Primero\",\"description\":\"\",\"publisher\":{\"@id\":\"https:\\\/\\\/cubaprimero.org\\\/es\\\/#organization\"},\"potentialAction\":[{\"@type\":\"SearchAction\",\"target\":{\"@type\":\"EntryPoint\",\"urlTemplate\":\"https:\\\/\\\/cubaprimero.org\\\/es\\\/?s={search_term_string}\"},\"query-input\":{\"@type\":\"PropertyValueSpecification\",\"valueRequired\":true,\"valueName\":\"search_term_string\"}}],\"inLanguage\":\"en-US\"},{\"@type\":\"Organization\",\"@id\":\"https:\\\/\\\/cubaprimero.org\\\/es\\\/#organization\",\"name\":\"Cuba Primero\",\"url\":\"https:\\\/\\\/cubaprimero.org\\\/es\\\/\",\"logo\":{\"@type\":\"ImageObject\",\"inLanguage\":\"en-US\",\"@id\":\"https:\\\/\\\/cubaprimero.org\\\/es\\\/#\\\/schema\\\/logo\\\/image\\\/\",\"url\":\"https:\\\/\\\/cubaprimero.org\\\/wp-content\\\/uploads\\\/2026\\\/04\\\/cropped-Estrella-BlancaCuba-primero-transparente-2-1-scaled-2.png\",\"contentUrl\":\"https:\\\/\\\/cubaprimero.org\\\/wp-content\\\/uploads\\\/2026\\\/04\\\/cropped-Estrella-BlancaCuba-primero-transparente-2-1-scaled-2.png\",\"width\":2560,\"height\":852,\"caption\":\"Cuba Primero\"},\"image\":{\"@id\":\"https:\\\/\\\/cubaprimero.org\\\/es\\\/#\\\/schema\\\/logo\\\/image\\\/\"}},{\"@type\":\"Person\",\"@id\":\"https:\\\/\\\/cubaprimero.org\\\/es\\\/#\\\/schema\\\/person\\\/673cbcc39fdc7350b9583e51a3ec4635\",\"name\":\"cubafirst\",\"image\":{\"@type\":\"ImageObject\",\"inLanguage\":\"en-US\",\"@id\":\"https:\\\/\\\/secure.gravatar.com\\\/avatar\\\/bb308153c6843b99590e0e8646a0bf8277016b324738fc43a0063ebe5d3b9085?s=96&d=mm&r=g\",\"url\":\"https:\\\/\\\/secure.gravatar.com\\\/avatar\\\/bb308153c6843b99590e0e8646a0bf8277016b324738fc43a0063ebe5d3b9085?s=96&d=mm&r=g\",\"contentUrl\":\"https:\\\/\\\/secure.gravatar.com\\\/avatar\\\/bb308153c6843b99590e0e8646a0bf8277016b324738fc43a0063ebe5d3b9085?s=96&d=mm&r=g\",\"caption\":\"cubafirst\"},\"sameAs\":[\"https:\\\/\\\/cubaprimero.org\"],\"url\":\"https:\\\/\\\/cubaprimero.org\\\/en\\\/author\\\/cubafirst\\\/\"}]}<\/script>\n<!-- \/ Yoast SEO plugin. -->","yoast_head_json":{"title":"The Dictatorship: Political Prisoners - Cuba First","robots":{"index":"index","follow":"follow","max-snippet":"max-snippet:-1","max-image-preview":"max-image-preview:large","max-video-preview":"max-video-preview:-1"},"canonical":"https:\/\/cubaprimero.org\/en\/dictatorship-political-prisoners\/","og_locale":"en_US","og_type":"article","og_title":"La Dictadura: Presos Politicos - Cuba Primero","og_description":"\u00a1Unimos fuerzas contra el aumento de presos pol\u00edticos en Cuba! Exigimos la liberaci\u00f3n inmediata de l\u00edderes como Jose Daniel Ferrer, Luis Manuel Otero Alc\u00e1ntara, Maykel P\u00e9rez Castillo y F\u00e9lix Navarro. Condiciones inhumanas y torturas son inaceptables. \u00danete a nuestra lucha por los derechos humanos en Cuba.","og_url":"https:\/\/cubaprimero.org\/en\/dictatorship-political-prisoners\/","og_site_name":"Cuba Primero","article_published_time":"2023-12-13T19:59:57+00:00","article_modified_time":"2024-01-08T15:35:17+00:00","og_image":[{"width":1024,"height":669,"url":"https:\/\/cubaprimero.org\/wp-content\/uploads\/2023\/12\/200228-jose-daniel-ferrer-al-1351-1024x669.jpg","type":"image\/jpeg"}],"author":"cubafirst","twitter_card":"summary_large_image","twitter_misc":{"Written by":"cubafirst","Est. reading time":"1 minute"},"schema":{"@context":"https:\/\/schema.org","@graph":[{"@type":"Article","@id":"https:\/\/cubaprimero.org\/la-dictadura-presos-politicos\/#article","isPartOf":{"@id":"https:\/\/cubaprimero.org\/la-dictadura-presos-politicos\/"},"author":{"name":"cubafirst","@id":"https:\/\/cubaprimero.org\/es\/#\/schema\/person\/673cbcc39fdc7350b9583e51a3ec4635"},"headline":"La Dictadura: Presos Politicos","datePublished":"2023-12-13T19:59:57+00:00","dateModified":"2024-01-08T15:35:17+00:00","mainEntityOfPage":{"@id":"https:\/\/cubaprimero.org\/la-dictadura-presos-politicos\/"},"wordCount":247,"commentCount":0,"publisher":{"@id":"https:\/\/cubaprimero.org\/es\/#organization"},"image":{"@id":"https:\/\/cubaprimero.org\/la-dictadura-presos-politicos\/#primaryimage"},"thumbnailUrl":"https:\/\/cubaprimero.org\/wp-content\/uploads\/2023\/12\/200228-jose-daniel-ferrer-al-1351.jpg","articleSection":["Cuba"],"inLanguage":"en-US","potentialAction":[{"@type":"CommentAction","name":"Comment","target":["https:\/\/cubaprimero.org\/la-dictadura-presos-politicos\/#respond"]}]},{"@type":"WebPage","@id":"https:\/\/cubaprimero.org\/la-dictadura-presos-politicos\/","url":"https:\/\/cubaprimero.org\/la-dictadura-presos-politicos\/","name":"The Dictatorship: Political Prisoners - Cuba First","isPartOf":{"@id":"https:\/\/cubaprimero.org\/es\/#website"},"primaryImageOfPage":{"@id":"https:\/\/cubaprimero.org\/la-dictadura-presos-politicos\/#primaryimage"},"image":{"@id":"https:\/\/cubaprimero.org\/la-dictadura-presos-politicos\/#primaryimage"},"thumbnailUrl":"https:\/\/cubaprimero.org\/wp-content\/uploads\/2023\/12\/200228-jose-daniel-ferrer-al-1351.jpg","datePublished":"2023-12-13T19:59:57+00:00","dateModified":"2024-01-08T15:35:17+00:00","breadcrumb":{"@id":"https:\/\/cubaprimero.org\/la-dictadura-presos-politicos\/#breadcrumb"},"inLanguage":"en-US","potentialAction":[{"@type":"ReadAction","target":["https:\/\/cubaprimero.org\/la-dictadura-presos-politicos\/"]}]},{"@type":"ImageObject","inLanguage":"en-US","@id":"https:\/\/cubaprimero.org\/la-dictadura-presos-politicos\/#primaryimage","url":"https:\/\/cubaprimero.org\/wp-content\/uploads\/2023\/12\/200228-jose-daniel-ferrer-al-1351.jpg","contentUrl":"https:\/\/cubaprimero.org\/wp-content\/uploads\/2023\/12\/200228-jose-daniel-ferrer-al-1351.jpg","width":2500,"height":1634,"caption":"Jose Daniel Ferrer, who leads the Patriotic Union of Cuba (UNPACU), the country's largest dissident group, holds up a t-shirt with the writing \"God, Fatherland, Freedom\" in Palmarito de Cauto, Cuba, on March 25, 2012."},{"@type":"BreadcrumbList","@id":"https:\/\/cubaprimero.org\/la-dictadura-presos-politicos\/#breadcrumb","itemListElement":[{"@type":"ListItem","position":1,"name":"Home","item":"https:\/\/cubaprimero.org\/"},{"@type":"ListItem","position":2,"name":"La Dictadura: Presos Politicos"}]},{"@type":"WebSite","@id":"https:\/\/cubaprimero.org\/es\/#website","url":"https:\/\/cubaprimero.org\/es\/","name":"Cuba First","description":"","publisher":{"@id":"https:\/\/cubaprimero.org\/es\/#organization"},"potentialAction":[{"@type":"SearchAction","target":{"@type":"EntryPoint","urlTemplate":"https:\/\/cubaprimero.org\/es\/?s={search_term_string}"},"query-input":{"@type":"PropertyValueSpecification","valueRequired":true,"valueName":"search_term_string"}}],"inLanguage":"en-US"},{"@type":"Organization","@id":"https:\/\/cubaprimero.org\/es\/#organization","name":"Cuba First","url":"https:\/\/cubaprimero.org\/es\/","logo":{"@type":"ImageObject","inLanguage":"en-US","@id":"https:\/\/cubaprimero.org\/es\/#\/schema\/logo\/image\/","url":"https:\/\/cubaprimero.org\/wp-content\/uploads\/2026\/04\/cropped-Estrella-BlancaCuba-primero-transparente-2-1-scaled-2.png","contentUrl":"https:\/\/cubaprimero.org\/wp-content\/uploads\/2026\/04\/cropped-Estrella-BlancaCuba-primero-transparente-2-1-scaled-2.png","width":2560,"height":852,"caption":"Cuba Primero"},"image":{"@id":"https:\/\/cubaprimero.org\/es\/#\/schema\/logo\/image\/"}},{"@type":"Person","@id":"https:\/\/cubaprimero.org\/es\/#\/schema\/person\/673cbcc39fdc7350b9583e51a3ec4635","name":"cubafirst","image":{"@type":"ImageObject","inLanguage":"en-US","@id":"https:\/\/secure.gravatar.com\/avatar\/bb308153c6843b99590e0e8646a0bf8277016b324738fc43a0063ebe5d3b9085?s=96&d=mm&r=g","url":"https:\/\/secure.gravatar.com\/avatar\/bb308153c6843b99590e0e8646a0bf8277016b324738fc43a0063ebe5d3b9085?s=96&d=mm&r=g","contentUrl":"https:\/\/secure.gravatar.com\/avatar\/bb308153c6843b99590e0e8646a0bf8277016b324738fc43a0063ebe5d3b9085?s=96&d=mm&r=g","caption":"cubafirst"},"sameAs":["https:\/\/cubaprimero.org"],"url":"https:\/\/cubaprimero.org\/en\/author\/cubafirst\/"}]}},"uagb_featured_image_src":{"full":["https:\/\/cubaprimero.org\/wp-content\/uploads\/2023\/12\/200228-jose-daniel-ferrer-al-1351.jpg",2500,1634,false],"thumbnail":["https:\/\/cubaprimero.org\/wp-content\/uploads\/2023\/12\/200228-jose-daniel-ferrer-al-1351-150x150.jpg",150,150,true],"medium":["https:\/\/cubaprimero.org\/wp-content\/uploads\/2023\/12\/200228-jose-daniel-ferrer-al-1351-300x196.jpg",300,196,true],"medium_large":["https:\/\/cubaprimero.org\/wp-content\/uploads\/2023\/12\/200228-jose-daniel-ferrer-al-1351-768x502.jpg",768,502,true],"large":["https:\/\/cubaprimero.org\/wp-content\/uploads\/2023\/12\/200228-jose-daniel-ferrer-al-1351-1024x669.jpg",1024,669,true],"1536x1536":["https:\/\/cubaprimero.org\/wp-content\/uploads\/2023\/12\/200228-jose-daniel-ferrer-al-1351-1536x1004.jpg",1536,1004,true],"2048x2048":["https:\/\/cubaprimero.org\/wp-content\/uploads\/2023\/12\/200228-jose-daniel-ferrer-al-1351-2048x1339.jpg",2048,1339,true],"trp-custom-language-flag":["https:\/\/cubaprimero.org\/wp-content\/uploads\/2023\/12\/200228-jose-daniel-ferrer-al-1351.jpg",18,12,false]},"uagb_author_info":{"display_name":"cubafirst","author_link":"https:\/\/cubaprimero.org\/en\/author\/cubafirst\/"},"uagb_comment_info":0,"uagb_excerpt":"\u00a1Unimos fuerzas contra el aumento de presos pol\u00edticos en Cuba! Exigimos la liberaci\u00f3n inmediata de l\u00edderes como Jose Daniel Ferrer, Luis Manuel Otero Alc\u00e1ntara, Maykel P\u00e9rez Castillo y F\u00e9lix Navarro. Condiciones inhumanas y torturas son inaceptables. \u00danete a nuestra lucha por los derechos humanos en Cuba.","_links":{"self":[{"href":"https:\/\/cubaprimero.org\/en\/wp-json\/wp\/v2\/posts\/1445","targetHints":{"allow":["GET"]}}],"collection":[{"href":"https:\/\/cubaprimero.org\/en\/wp-json\/wp\/v2\/posts"}],"about":[{"href":"https:\/\/cubaprimero.org\/en\/wp-json\/wp\/v2\/types\/post"}],"author":[{"embeddable":true,"href":"https:\/\/cubaprimero.org\/en\/wp-json\/wp\/v2\/users\/1"}],"replies":[{"embeddable":true,"href":"https:\/\/cubaprimero.org\/en\/wp-json\/wp\/v2\/comments?post=1445"}],"version-history":[{"count":7,"href":"https:\/\/cubaprimero.org\/en\/wp-json\/wp\/v2\/posts\/1445\/revisions"}],"predecessor-version":[{"id":2278,"href":"https:\/\/cubaprimero.org\/en\/wp-json\/wp\/v2\/posts\/1445\/revisions\/2278"}],"wp:featuredmedia":[{"embeddable":true,"href":"https:\/\/cubaprimero.org\/en\/wp-json\/wp\/v2\/media\/1288"}],"wp:attachment":[{"href":"https:\/\/cubaprimero.org\/en\/wp-json\/wp\/v2\/media?parent=1445"}],"wp:term":[{"taxonomy":"category","embeddable":true,"href":"https:\/\/cubaprimero.org\/en\/wp-json\/wp\/v2\/categories?post=1445"},{"taxonomy":"post_tag","embeddable":true,"href":"https:\/\/cubaprimero.org\/en\/wp-json\/wp\/v2\/tags?post=1445"}],"curies":[{"name":"wp","href":"https:\/\/api.w.org\/{rel}","templated":true}]}}